{"id":446,"date":"2024-07-04T16:29:32","date_gmt":"2024-07-04T16:29:32","guid":{"rendered":"https:\/\/ugelgsc.gob.pe\/ugel\/?p=446"},"modified":"2024-07-04T20:01:24","modified_gmt":"2024-07-04T20:01:24","slug":"comunicado-para-todos-los-profesores-de-esta-jurisdiccion-por-el-dia-del-maestro","status":"publish","type":"post","link":"https:\/\/ugelgsc.gob.pe\/ugel\/2024\/07\/04\/comunicado-para-todos-los-profesores-de-esta-jurisdiccion-por-el-dia-del-maestro\/","title":{"rendered":"COMUNICADO PARA TODOS LOS PROFESORES DE ESTA JURISDICCION &#8211; POR EL DIA DEL MAESTRO"},"content":{"rendered":"\n<p>Se hace de conocimiento que el Gobierno Regional a trav\u00e9s de la Direcci\u00f3n Regional de Educaci\u00f3n de Moquegua, Invita a los profesores de esta Jursisdicci\u00f3n a participar en el evento al conmemorarse  el \u00abDia del Maestro\u00bb, a llevarse a cabo en:<\/p>\n\n\n\n<p><strong>Lugar: Auditorio del Gobierno Regional<\/strong><\/p>\n\n\n\n<p><strong>D\u00eda: 05 de Julio<\/strong> <\/p>\n\n\n\n<p><strong>Hora: 09:00 am. <\/strong><\/p>\n\n\n\n<p><strong><em><mark style=\"background-color:#cf2e2e\" class=\"has-inline-color has-white-color\">Para ello deber\u00e1n inscribrirse hasta las 02:00 pm. del d\u00eda 04\/07\/2024 en el siguiente link:<\/mark><\/em><\/strong><\/p>\n\n\n\n<p><strong>Se cerraron las inscripciones<\/strong><\/p>\n\n\n\n<p><strong>Nota: Los gastos que se generen no son reembolsables.<\/strong><\/p>\n\n\n\n<p class=\"has-text-align-right\">La Direcci\u00f3n &#8211; UGEL \u00abGSC\u00bb<\/p>\n\n\n\n<figure class=\"wp-block-image size-full\"><img loading=\"lazy\" decoding=\"async\" width=\"620\" height=\"413\" src=\"https:\/\/ugelgsc.gob.pe\/ugel\/wp-content\/uploads\/2024\/07\/Dia-del-Maestro.png\" alt=\"\" class=\"wp-image-447\" srcset=\"https:\/\/ugelgsc.gob.pe\/ugel\/wp-content\/uploads\/2024\/07\/Dia-del-Maestro.png 620w, https:\/\/ugelgsc.gob.pe\/ugel\/wp-content\/uploads\/2024\/07\/Dia-del-Maestro-300x200.png 300w\" sizes=\"auto, (max-width: 620px) 100vw, 620px\" \/><\/figure>\n","protected":false},"excerpt":{"rendered":"<p>Se hace de conocimiento que el Gobierno Regional a trav\u00e9s de la Direcci\u00f3n Regional de&#8230;<\/p>\n","protected":false},"author":2,"featured_media":449,"comment_status":"closed","ping_status":"closed","sticky":false,"template":"","format":"standard","meta":{"footnotes":""},"categories":[2],"tags":[],"class_list":["post-446","post","type-post","status-publish","format-standard","has-post-thumbnail","hentry","category-comunicados"],"_links":{"self":[{"href":"https:\/\/ugelgsc.gob.pe\/ugel\/wp-json\/wp\/v2\/posts\/446","targetHints":{"allow":["GET"]}}],"collection":[{"href":"https:\/\/ugelgsc.gob.pe\/ugel\/wp-json\/wp\/v2\/posts"}],"about":[{"href":"https:\/\/ugelgsc.gob.pe\/ugel\/wp-json\/wp\/v2\/types\/post"}],"author":[{"embeddable":true,"href":"https:\/\/ugelgsc.gob.pe\/ugel\/wp-json\/wp\/v2\/users\/2"}],"replies":[{"embeddable":true,"href":"https:\/\/ugelgsc.gob.pe\/ugel\/wp-json\/wp\/v2\/comments?post=446"}],"version-history":[{"count":4,"href":"https:\/\/ugelgsc.gob.pe\/ugel\/wp-json\/wp\/v2\/posts\/446\/revisions"}],"predecessor-version":[{"id":454,"href":"https:\/\/ugelgsc.gob.pe\/ugel\/wp-json\/wp\/v2\/posts\/446\/revisions\/454"}],"wp:featuredmedia":[{"embeddable":true,"href":"https:\/\/ugelgsc.gob.pe\/ugel\/wp-json\/wp\/v2\/media\/449"}],"wp:attachment":[{"href":"https:\/\/ugelgsc.gob.pe\/ugel\/wp-json\/wp\/v2\/media?parent=446"}],"wp:term":[{"taxonomy":"category","embeddable":true,"href":"https:\/\/ugelgsc.gob.pe\/ugel\/wp-json\/wp\/v2\/categories?post=446"},{"taxonomy":"post_tag","embeddable":true,"href":"https:\/\/ugelgsc.gob.pe\/ugel\/wp-json\/wp\/v2\/tags?post=446"}],"curies":[{"name":"wp","href":"https:\/\/api.w.org\/{rel}","templated":true}]}}